["Te",["Teresa Enr\u00edquez","Teresa Evangelista","Teresa L\u00f3pez","Teresa Mej\u00eda de la Cerda","Teresa de Guevara","Teresa de Qui\u00f1ones","Teresa de San Juan","Teresa de la Cruz","Teresa de la Pasi\u00f3n"],["","","","","","","","",""],["http://catalogodesantasvivas.visionarias.es/index.php/Teresa_Enr%C3%ADquez","http://catalogodesantasvivas.visionarias.es/index.php/Teresa_Evangelista","http://catalogodesantasvivas.visionarias.es/index.php/Teresa_L%C3%B3pez","http://catalogodesantasvivas.visionarias.es/index.php/Teresa_Mej%C3%ADa_de_la_Cerda","http://catalogodesantasvivas.visionarias.es/index.php/Teresa_de_Guevara","http://catalogodesantasvivas.visionarias.es/index.php/Teresa_de_Qui%C3%B1ones","http://catalogodesantasvivas.visionarias.es/index.php/Teresa_de_San_Juan","http://catalogodesantasvivas.visionarias.es/index.php/Teresa_de_la_Cruz","http://catalogodesantasvivas.visionarias.es/index.php/Teresa_de_la_Pasi%C3%B3n"]]